{"id":1004,"date":"2022-03-12T18:39:22","date_gmt":"2022-03-12T17:39:22","guid":{"rendered":"http:\/\/jesusdenatzaret.com\/?p=1004"},"modified":"2022-03-12T18:39:48","modified_gmt":"2022-03-12T17:39:48","slug":"encuentro-diocesano-de-cofradias-de-menorca","status":"publish","type":"post","link":"https:\/\/jesusdenatzaret.com\/?p=1004","title":{"rendered":"Encuentro Diocesano de Cofradias de Menorca."},"content":{"rendered":"<p><span class=\"d2edcug0 hpfvmrgz qv66sw1b c1et5uql lr9zc1uh a8c37x1j fe6kdd0r mau55g9w c8b282yb keod5gw0 nxhoafnm aigsh9s9 d3f4x2em iv3no6db jq4qci2q a3bd9o3v b1v8xokw oo9gr5id hzawbc8m\" dir=\"auto\">El anual encuentro diocesano de cofrad\u00edas y hermandades de Menorca se celebr\u00f3 este viernes tarde en Citadella con una procesi\u00f3n que recorri\u00f3 el centro hist\u00f3rico urbano.<\/span><\/p>\n<p>&nbsp;<\/p>\n<p style=\"text-align: left;\"><img loading=\"lazy\" decoding=\"async\" class=\"wp-image-1005 aligncenter\" src=\"http:\/\/jesusdenatzaret.com\/wp-content\/uploads\/2022\/03\/Trobade-2022-8-135x300.jpeg\" alt=\"\" width=\"336\" height=\"747\" srcset=\"https:\/\/jesusdenatzaret.com\/wp-content\/uploads\/2022\/03\/Trobade-2022-8-135x300.jpeg 135w, https:\/\/jesusdenatzaret.com\/wp-content\/uploads\/2022\/03\/Trobade-2022-8-768x1704.jpeg 768w, https:\/\/jesusdenatzaret.com\/wp-content\/uploads\/2022\/03\/Trobade-2022-8-692x1536.jpeg 692w, https:\/\/jesusdenatzaret.com\/wp-content\/uploads\/2022\/03\/Trobade-2022-8-200x444.jpeg 200w, https:\/\/jesusdenatzaret.com\/wp-content\/uploads\/2022\/03\/Trobade-2022-8-690x1531.jpeg 690w, https:\/\/jesusdenatzaret.com\/wp-content\/uploads\/2022\/03\/Trobade-2022-8.jpeg 923w\" sizes=\"auto, (max-width: 336px) 100vw, 336px\" \/> <img loading=\"lazy\" decoding=\"async\" class=\"wp-image-1006 aligncenter\" src=\"http:\/\/jesusdenatzaret.com\/wp-content\/uploads\/2022\/03\/Trobade-2022-2-300x169.jpeg\" alt=\"\" width=\"554\" height=\"312\" srcset=\"https:\/\/jesusdenatzaret.com\/wp-content\/uploads\/2022\/03\/Trobade-2022-2-300x169.jpeg 300w, https:\/\/jesusdenatzaret.com\/wp-content\/uploads\/2022\/03\/Trobade-2022-2-1024x576.jpeg 1024w, https:\/\/jesusdenatzaret.com\/wp-content\/uploads\/2022\/03\/Trobade-2022-2-768x432.jpeg 768w, https:\/\/jesusdenatzaret.com\/wp-content\/uploads\/2022\/03\/Trobade-2022-2-1536x864.jpeg 1536w, https:\/\/jesusdenatzaret.com\/wp-content\/uploads\/2022\/03\/Trobade-2022-2-200x112.jpeg 200w, https:\/\/jesusdenatzaret.com\/wp-content\/uploads\/2022\/03\/Trobade-2022-2-690x388.jpeg 690w, https:\/\/jesusdenatzaret.com\/wp-content\/uploads\/2022\/03\/Trobade-2022-2.jpeg 1599w\" sizes=\"auto, (max-width: 554px) 100vw, 554px\" \/> <img loading=\"lazy\" decoding=\"async\" class=\"wp-image-1007 aligncenter\" src=\"http:\/\/jesusdenatzaret.com\/wp-content\/uploads\/2022\/03\/Trobade-2022-4-300x169.jpeg\" alt=\"\" width=\"551\" height=\"311\" srcset=\"https:\/\/jesusdenatzaret.com\/wp-content\/uploads\/2022\/03\/Trobade-2022-4-300x169.jpeg 300w, https:\/\/jesusdenatzaret.com\/wp-content\/uploads\/2022\/03\/Trobade-2022-4-1024x576.jpeg 1024w, https:\/\/jesusdenatzaret.com\/wp-content\/uploads\/2022\/03\/Trobade-2022-4-768x432.jpeg 768w, https:\/\/jesusdenatzaret.com\/wp-content\/uploads\/2022\/03\/Trobade-2022-4-1536x864.jpeg 1536w, https:\/\/jesusdenatzaret.com\/wp-content\/uploads\/2022\/03\/Trobade-2022-4-200x112.jpeg 200w, https:\/\/jesusdenatzaret.com\/wp-content\/uploads\/2022\/03\/Trobade-2022-4-690x388.jpeg 690w, https:\/\/jesusdenatzaret.com\/wp-content\/uploads\/2022\/03\/Trobade-2022-4.jpeg 1599w\" sizes=\"auto, (max-width: 551px) 100vw, 551px\" \/> <img loading=\"lazy\" decoding=\"async\" class=\"wp-image-1008 aligncenter\" src=\"http:\/\/jesusdenatzaret.com\/wp-content\/uploads\/2022\/03\/Trobade-2022-6-300x169.jpeg\" alt=\"\" width=\"551\" height=\"310\" srcset=\"https:\/\/jesusdenatzaret.com\/wp-content\/uploads\/2022\/03\/Trobade-2022-6-300x169.jpeg 300w, https:\/\/jesusdenatzaret.com\/wp-content\/uploads\/2022\/03\/Trobade-2022-6-1024x576.jpeg 1024w, https:\/\/jesusdenatzaret.com\/wp-content\/uploads\/2022\/03\/Trobade-2022-6-768x432.jpeg 768w, https:\/\/jesusdenatzaret.com\/wp-content\/uploads\/2022\/03\/Trobade-2022-6-1536x864.jpeg 1536w, https:\/\/jesusdenatzaret.com\/wp-content\/uploads\/2022\/03\/Trobade-2022-6-200x112.jpeg 200w, https:\/\/jesusdenatzaret.com\/wp-content\/uploads\/2022\/03\/Trobade-2022-6-690x388.jpeg 690w, https:\/\/jesusdenatzaret.com\/wp-content\/uploads\/2022\/03\/Trobade-2022-6.jpeg 1599w\" sizes=\"auto, (max-width: 551px) 100vw, 551px\" \/><\/p>\n<p>&nbsp;<\/p>\n<p><a href=\"https:\/\/www.menorca.info\/menorca\/vivir-menorca\/2022\/03\/12\/1709651\/antorchas-via-crucis-cofradias.html\">https:\/\/www.menorca.info\/menorca\/vivir-menorca\/2022\/03\/12\/1709651\/antorchas-via-crucis-cofradias.html<\/a><\/p>\n","protected":false},"excerpt":{"rendered":"<p>El anual encuentro diocesano de cofrad\u00edas y hermandades de Menorca se celebr\u00f3 este viernes tarde en Citadella con una procesi\u00f3n&nbsp;[&hellip;]<\/p>\n","protected":false},"author":1,"featured_media":0,"comment_status":"open","ping_status":"open","sticky":false,"template":"","format":"standard","meta":{"pgc_sgb_lightbox_settings":"","footnotes":""},"categories":[117],"tags":[],"class_list":["post-1004","post","type-post","status-publish","format-standard","hentry","category-noticia-es","post-item clearfix"],"_links":{"self":[{"href":"https:\/\/jesusdenatzaret.com\/index.php?rest_route=\/wp\/v2\/posts\/1004","targetHints":{"allow":["GET"]}}],"collection":[{"href":"https:\/\/jesusdenatzaret.com\/index.php?rest_route=\/wp\/v2\/posts"}],"about":[{"href":"https:\/\/jesusdenatzaret.com\/index.php?rest_route=\/wp\/v2\/types\/post"}],"author":[{"embeddable":true,"href":"https:\/\/jesusdenatzaret.com\/index.php?rest_route=\/wp\/v2\/users\/1"}],"replies":[{"embeddable":true,"href":"https:\/\/jesusdenatzaret.com\/index.php?rest_route=%2Fwp%2Fv2%2Fcomments&post=1004"}],"version-history":[{"count":6,"href":"https:\/\/jesusdenatzaret.com\/index.php?rest_route=\/wp\/v2\/posts\/1004\/revisions"}],"predecessor-version":[{"id":1014,"href":"https:\/\/jesusdenatzaret.com\/index.php?rest_route=\/wp\/v2\/posts\/1004\/revisions\/1014"}],"wp:attachment":[{"href":"https:\/\/jesusdenatzaret.com\/index.php?rest_route=%2Fwp%2Fv2%2Fmedia&parent=1004"}],"wp:term":[{"taxonomy":"category","embeddable":true,"href":"https:\/\/jesusdenatzaret.com\/index.php?rest_route=%2Fwp%2Fv2%2Fcategories&post=1004"},{"taxonomy":"post_tag","embeddable":true,"href":"https:\/\/jesusdenatzaret.com\/index.php?rest_route=%2Fwp%2Fv2%2Ftags&post=1004"}],"curies":[{"name":"wp","href":"https:\/\/api.w.org\/{rel}","templated":true}]}}